{"id":1176,"date":"2020-06-17T20:08:11","date_gmt":"2020-06-18T01:08:11","guid":{"rendered":"http:\/\/emprendedor.com\/2015\/?p=1176"},"modified":"2023-04-04T11:44:15","modified_gmt":"2023-04-04T16:44:15","slug":"una-propuesta-indecente","status":"publish","type":"post","link":"https:\/\/www.emprendedor.site\/2015\/?p=1176","title":{"rendered":"Una propuesta indecente"},"content":{"rendered":"<p>Esta crisis del Coronavirus, nos ha llevado a todos a preguntarnos sobre qu\u00e9 cosas pueden cambiar en la cotidianidad y seguramente algunas cosas cambiar\u00e1n por fuerza y otras por convicci\u00f3n, pero sin duda alguna la reflexi\u00f3n es sobre el sistema mismo, sobre las relaciones tanto sociales como econ\u00f3micas y es por eso que es necesaria hoy m\u00e1s que nunca la luz de los fil\u00f3sofos, de los soci\u00f3logos adem\u00e1s de los economistas.<\/p>\n<p>Entonces surgen algunas reflexiones que pueden ser tan obvias que no nos las planteamos en el d\u00eda a d\u00eda. Veamos: Es evidente que la naturaleza y el medio ambiente est\u00e1n retomando la belleza y el poder de la vida. Los cielos son m\u00e1s azules, el aire lo podemos respirar, los oc\u00e9anos vuelven a ser verdes azules y los atardeceres son maravillosos sin smog, sin el gris de de contaminaci\u00f3n que ya nos hab\u00edamos acostumbramos a ver como algo natural.<\/p>\n<p>Las especies han re-aparecido, los animales se ven jugando en playas y caminos, los delfines celebrando, todo en los mismos sitios que antes se ve\u00edan tristes y contaminados. El mar est\u00e1 respirando\u2026<\/p>\n<p>Y entonces por qu\u00e9 no hacemos que los economistas, soci\u00f3logos, psic\u00f3logos, antrop\u00f3logos  y polit\u00f3logos analicen cu\u00e1l deber\u00eda ser el nuevo modelo de desarrollo en el que a 11 meses de consumo se le siga con uno de confinamiento, que ayude a recuperar el mundo. No ser\u00e1 que si tenemos menos inodoros y relojes de oro, podr\u00edamos tener una casa com\u00fan mejor. A ojo de buen cubero estoy seguro que alcanzar\u00eda y sobrar\u00eda un esquema de un a\u00f1o de 11 meses para que el mundo logre tener un desarrollo arm\u00f3nico y sostenible. As\u00ed de sencillo. Ya hemos probado los beneficios ambientales de parar por un mes\u2026<\/p>\n<p>Entonces estoy seguro de que las empresas, los modelos productivos, la academia y la sociedad en general se podr\u00edan adaptar f\u00e1cilmente a un a\u00f1o de 11 meses. Y siguiendo a Sabina el mes que podr\u00eda \u201cdesaparecer\u201d ser\u00eda Abril\u2026<\/p>\n<p>De pronto si nos robaran el mes de abril, podr\u00edamos tener un desarrollo mucho m\u00e1s sostenible y aunque algunas fortunas billonarias seguramente no crecer\u00edan tanto, estoy seguro de que no ser\u00eda realmente un problema, sino por el contrario una oportunidad. Creo que el consumo se puede ajustar a 11 meses as\u00ed como las cadenas de producci\u00f3n, el turismo y en general la vida podr\u00eda ser mucho mejor. Es posible que incluso no haya necesidad de subir los salarios realmente. Solamente reprogramar alguna de las primas o incentivos.<\/p>\n<p>Sin duda esta cuarentena nos ha ense\u00f1ado que podemos vivir con mucho menos y poder disfrutar de mejores atardeceres, de mejores paisajes, de mejor aire&#8230;<\/p>\n<p>C\u00f3mo algunos saldr\u00e1n a decir r\u00e1pidamente que es una locura, pensemos en la cantidad de dinero en salud que gastamos en las ciudades, por culpa de la poluci\u00f3n. O pensemos c\u00f3mo muchas de las obras de las ciudades se podr\u00edan hacer m\u00e1s f\u00e1cilmente en este periodo de \u201ccuarentena ecol\u00f3gica\u201d y as\u00ed se mejorar\u00eda mucho la movilidad en los restantes 11 meses.<br \/>\nA nivel personal tambi\u00e9n podr\u00edamos hacer muchas labores de casa, muchos proyectos de familia y por qu\u00e9 no ser\u00eda una \u00e9poca perfecta para el emprendimiento, la revisi\u00f3n de muchos procesos en las empresas y sobre todo, para la creaci\u00f3n de nuevos productos y servicios.<\/p>\n<p>Pensemos en c\u00f3mo se ayudar\u00eda a la recuperaci\u00f3n de especies, a la biodiversidad y a la mejor\u00eda general del equilibrio del planeta. Algunos me han dicho que podr\u00eda ser un mes dividido en dos quincenas, puede ser una comenzando la primavera y otra en el oto\u00f1o, ser\u00eda m\u00e1s equitativo con los dos hemisferios.<\/p>\n<p>Pensemos en cu\u00e1ntos libros hemos le\u00eddo en estos d\u00edas, cuantos conciertos hemos visto, cu\u00e1ntas conversaciones  hemos tenido con nuestra familia, cu\u00e1nto hemos compartido con los ni\u00f1os peque\u00f1os y por supuesto cu\u00e1ntos platos hemos lavado&#8230;. Pensemos qu\u00e9 tanto pudimos poner el ego en cuarentena, cu\u00e1nto hemos pensado sobre el valor de la vida, sobre las cosas sencillas y como hoy valoramos m\u00e1s a las personas que hacen las labores cotidianas de la sociedad\u2026<\/p>\n","protected":false},"excerpt":{"rendered":"<p>Esta crisis del Coronavirus, nos ha llevado a todos a preguntarnos sobre qu\u00e9 cosas pueden cambiar en la cotidianidad y seguramente algunas cosas cambiar\u00e1n por fuerza y otras por convicci\u00f3n, pero sin duda alguna la reflexi\u00f3n es sobre el sistema mismo, sobre las relaciones tanto sociales como econ\u00f3micas y es por eso que es necesaria [&hellip;]<\/p>\n","protected":false},"author":21,"featured_media":0,"comment_status":"closed","ping_status":"open","sticky":false,"template":"","format":"standard","meta":{"footnotes":""},"categories":[50,10,1,4,2,3,51,48],"tags":[],"class_list":["post-1176","post","type-post","status-publish","format-standard","hentry","category-crisis-empresarial","category-emprender","category-general","category-la_gente","category-las_ideas","category-los_negocios","category-plan-de-contingencia","category-protocolos-empresariales"],"_links":{"self":[{"href":"https:\/\/www.emprendedor.site\/2015\/index.php?rest_route=\/wp\/v2\/posts\/1176","targetHints":{"allow":["GET"]}}],"collection":[{"href":"https:\/\/www.emprendedor.site\/2015\/index.php?rest_route=\/wp\/v2\/posts"}],"about":[{"href":"https:\/\/www.emprendedor.site\/2015\/index.php?rest_route=\/wp\/v2\/types\/post"}],"author":[{"embeddable":true,"href":"https:\/\/www.emprendedor.site\/2015\/index.php?rest_route=\/wp\/v2\/users\/21"}],"replies":[{"embeddable":true,"href":"https:\/\/www.emprendedor.site\/2015\/index.php?rest_route=%2Fwp%2Fv2%2Fcomments&post=1176"}],"version-history":[{"count":2,"href":"https:\/\/www.emprendedor.site\/2015\/index.php?rest_route=\/wp\/v2\/posts\/1176\/revisions"}],"predecessor-version":[{"id":1179,"href":"https:\/\/www.emprendedor.site\/2015\/index.php?rest_route=\/wp\/v2\/posts\/1176\/revisions\/1179"}],"wp:attachment":[{"href":"https:\/\/www.emprendedor.site\/2015\/index.php?rest_route=%2Fwp%2Fv2%2Fmedia&parent=1176"}],"wp:term":[{"taxonomy":"category","embeddable":true,"href":"https:\/\/www.emprendedor.site\/2015\/index.php?rest_route=%2Fwp%2Fv2%2Fcategories&post=1176"},{"taxonomy":"post_tag","embeddable":true,"href":"https:\/\/www.emprendedor.site\/2015\/index.php?rest_route=%2Fwp%2Fv2%2Ftags&post=1176"}],"curies":[{"name":"wp","href":"https:\/\/api.w.org\/{rel}","templated":true}]}}